{"id":4670,"date":"2024-08-06T13:41:11","date_gmt":"2024-08-06T11:41:11","guid":{"rendered":"https:\/\/wirtschaftsstandort-westmecklenburg.de\/?p=4670"},"modified":"2024-09-20T08:39:58","modified_gmt":"2024-09-20T06:39:58","slug":"schindler","status":"publish","type":"post","link":"https:\/\/wirtschaftsstandort-westmecklenburg.de\/en\/unkategorisiert\/schindler\/","title":{"rendered":"Making life sweeter for job starters"},"content":{"rendered":"\t\t<div data-elementor-type=\"wp-post\" data-elementor-id=\"4670\" class=\"elementor elementor-4670 elementor-4669\" data-elementor-post-type=\"post\">\n\t\t\t\t<div class=\"elementor-element elementor-element-d03ec5b e-flex e-con-boxed e-con e-parent\" data-id=\"d03ec5b\" data-element_type=\"container\" data-e-type=\"container\" data-settings=\"{&quot;background_background&quot;:&quot;gradient&quot;}\">\n\t\t\t\t\t<div class=\"e-con-inner\">\n\t\t<div class=\"elementor-element elementor-element-bf524a8 e-con-full e-flex e-con e-child\" data-id=\"bf524a8\" data-element_type=\"container\" data-e-type=\"container\">\n\t\t\t\t<div class=\"elementor-element elementor-element-9cf1715 elementor-widget elementor-widget-text-editor\" data-id=\"9cf1715\" data-element_type=\"widget\" data-e-type=\"widget\" data-widget_type=\"text-editor.default\">\n\t\t\t\t<div class=\"elementor-widget-container\">\n\t\t\t\t\t\t\t\t\t<p>Fruit gums, hard caramel, toffees, lollies: young people starting their training in the \u201csweet factory\u201d soon find themselves immersed a world of sweetness. But SweetTec, ToffeeTec and Ragolds do more than just make their temptingly sweet products. They also offer young talents a great melange that makes the start of their working lives easier. Every year, about 20 young people start training in one of twelve different vocations with the confectionery manufacturer in Boizenburg, one of the big players in the food industry. The group has meanwhile more than 700 employees, with an average age of only 38 years.    <\/p>\n\t\t\t\t\t\t\t\t<\/div>\n\t\t\t\t<\/div>\n\t\t\t\t<\/div>\n\t\t\t\t\t<\/div>\n\t\t\t\t<\/div>\n\t\t<div class=\"elementor-element elementor-element-9db637d e-flex e-con-boxed e-con e-parent\" data-id=\"9db637d\" data-element_type=\"container\" data-e-type=\"container\">\n\t\t\t\t\t<div class=\"e-con-inner\">\n\t\t\t\t<div class=\"elementor-element elementor-element-1a36ec8 elementor-widget elementor-widget-text-editor\" data-id=\"1a36ec8\" data-element_type=\"widget\" data-e-type=\"widget\" data-widget_type=\"text-editor.default\">\n\t\t\t\t<div class=\"elementor-widget-container\">\n\t\t\t\t\t\t\t\t\t<p>\u201cOn the one hand, we have employees who joined us when we started up back in 2002 and are now gradually taking retirement. On the other hand, our sweet family also has lots of young people. Some of them are children of employees\u201d, explains Sonja Schindler. The 49-year old deals with communication and organisation, and is responsible for HR as a member of the management team. \u201cThis didn\u2019t happen by chance. Many years ago we received hampers full of applications. In 2021, we noticed a sharp decline. I wanted to understand the reasons why.\u201d One thing the committed human resources practitioner came to understand: \u201cTrainees had to satisfy very traditional expectations. People who forgot to attach a CV to their application weren\u2019t even invited to an interview. But what kind of valuable information can you expect a school-lever to put in their CV?\u201d asks Sonja Schindler, shaking her head. She describes her approach that has now become well established as part of a rethinking process.   <\/p>\n\t\t\t\t\t\t\t\t<\/div>\n\t\t\t\t<\/div>\n\t\t\t\t\t<\/div>\n\t\t\t\t<\/div>\n\t\t<div class=\"elementor-element elementor-element-b0c7319 e-flex e-con-boxed e-con e-parent\" data-id=\"b0c7319\" data-element_type=\"container\" data-e-type=\"container\">\n\t\t\t\t\t<div class=\"e-con-inner\">\n\t\t<div class=\"elementor-element elementor-element-5c73901 e-con-full e-flex e-con e-child\" data-id=\"5c73901\" data-element_type=\"container\" data-e-type=\"container\">\n\t\t\t\t<div class=\"elementor-element elementor-element-6548227 elementor-widget elementor-widget-image\" data-id=\"6548227\" data-element_type=\"widget\" data-e-type=\"widget\" data-widget_type=\"image.default\">\n\t\t\t\t<div class=\"elementor-widget-container\">\n\t\t\t\t\t\t\t\t\t\t\t\t\t\t\t<img fetchpriority=\"high\" decoding=\"async\" width=\"768\" height=\"1152\" src=\"https:\/\/wirtschaftsstandort-westmecklenburg.de\/wp-content\/uploads\/2024\/08\/web_B-Sonja-Schindler-768x1152.jpg\" class=\"attachment-medium_large size-medium_large wp-image-4679\" alt=\"Sonja Schindler\" srcset=\"https:\/\/wirtschaftsstandort-westmecklenburg.de\/wp-content\/uploads\/2024\/08\/web_B-Sonja-Schindler-768x1152.jpg 768w, https:\/\/wirtschaftsstandort-westmecklenburg.de\/wp-content\/uploads\/2024\/08\/web_B-Sonja-Schindler-200x300.jpg 200w, https:\/\/wirtschaftsstandort-westmecklenburg.de\/wp-content\/uploads\/2024\/08\/web_B-Sonja-Schindler-683x1024.jpg 683w, https:\/\/wirtschaftsstandort-westmecklenburg.de\/wp-content\/uploads\/2024\/08\/web_B-Sonja-Schindler-1024x1536.jpg 1024w, https:\/\/wirtschaftsstandort-westmecklenburg.de\/wp-content\/uploads\/2024\/08\/web_B-Sonja-Schindler-1365x2048.jpg 1365w, https:\/\/wirtschaftsstandort-westmecklenburg.de\/wp-content\/uploads\/2024\/08\/web_B-Sonja-Schindler-scaled.jpg 1707w\" sizes=\"(max-width: 768px) 100vw, 768px\" \/>\t\t\t\t\t\t\t\t\t\t\t\t\t\t\t<\/div>\n\t\t\t\t<\/div>\n\t\t\t\t<\/div>\n\t\t<div class=\"elementor-element elementor-element-8a23d2c e-con-full e-flex e-con e-child\" data-id=\"8a23d2c\" data-element_type=\"container\" data-e-type=\"container\">\n\t\t\t\t<div class=\"elementor-element elementor-element-0bd58bb elementor-widget elementor-widget-heading\" data-id=\"0bd58bb\" data-element_type=\"widget\" data-e-type=\"widget\" data-widget_type=\"heading.default\">\n\t\t\t\t<div class=\"elementor-widget-container\">\n\t\t\t\t\t<h3 class=\"elementor-heading-title elementor-size-default\">Companies court young talents<\/h3>\t\t\t\t<\/div>\n\t\t\t\t<\/div>\n\t\t\t\t<div class=\"elementor-element elementor-element-727e80e elementor-widget elementor-widget-text-editor\" data-id=\"727e80e\" data-element_type=\"widget\" data-e-type=\"widget\" data-widget_type=\"text-editor.default\">\n\t\t\t\t<div class=\"elementor-widget-container\">\n\t\t\t\t\t\t\t\t\t<p>\u201cWe have to approach young people&#8221;, says the HR manager. It starts with career guidance events and continues by keeping close contact with the schools and maintaining a pro-active dialogue with teachers. \u201cIf I start to introduce the job of a plant and machine operator by talking about production and shift work, then I\u2019m telling them everything that makes a company unpopular.\u201d<\/p><p>Instead, the manager meets potential applicants at eye-level, brings a few company trainees and takes them all on a tour of the company. To finish, they all have a chance to make their own fruit gums. \u201cI want the youngsters to see what\u2019s in store for them, let them get a feel for the workplaces and the mood in the teams.\u201d Sonja Schindler is obviously enthusiastic about \u201cher\u201d trainees. She knows them all, and usually also the stories behind the young people. Being on first-name terms enhances the community spirit, with mutual respect underlying the way people treat each other in the family-run company.<\/p><p>\u201cI invite every applicant to make personal contacts so they can get to know the young people.\u201d Those who are not so good at maths and have given up on foreign languages but love tinkering with tools and machines will be given a chance and find the necessary acceptance. \u201cThey\u2019ll probably need plenty of support with their college work. One of our production managers helps with extra coaching. I\u2019m sure that this is a way to develop great employees.\u201d The company recently hired a training supervisor who spends all their time supporting the industrial trainees, and acts as their go-to person. But a company also has to be in a position to shoulder the added costs involved. \u201cWe\u2019re glad we can do this and are convinced of the added value this will bring.\u201d<\/p>\t\t\t\t\t\t\t\t<\/div>\n\t\t\t\t<\/div>\n\t\t\t\t<\/div>\n\t\t\t\t\t<\/div>\n\t\t\t\t<\/div>\n\t\t<div class=\"elementor-element elementor-element-e001800 e-flex e-con-boxed e-con e-parent\" data-id=\"e001800\" data-element_type=\"container\" data-e-type=\"container\">\n\t\t\t\t\t<div class=\"e-con-inner\">\n\t\t\t\t<div class=\"elementor-element elementor-element-b55321b elementor-widget elementor-widget-text-editor\" data-id=\"b55321b\" data-element_type=\"widget\" data-e-type=\"widget\" data-widget_type=\"text-editor.default\">\n\t\t\t\t<div class=\"elementor-widget-container\">\n\t\t\t\t\t\t\t\t\t<p>The HR specialist is also convinced by the Immigration Act for Skilled Workers. She\u2019s already thinking about tackling aspects such as accommodation, language and culture. After all, there are not enough skilled workers for the future in the local workforce, and there are definitely not enough young people available.<\/p><p>A company must be able to handle such additional costs first. &#8220;We are pleased to achieve this and are convinced of the added value.&#8221; The HR specialist is also convinced of the Skilled Workers Immigration Act. She is already considering aspects such as housing, language, and culture. Because: The local workforce potential is not sufficient for the future. There are definitely far too few young people.<\/p>\t\t\t\t\t\t\t\t<\/div>\n\t\t\t\t<\/div>\n\t\t\t\t<div class=\"elementor-element elementor-element-f279ca5 elementor-widget elementor-widget-heading\" data-id=\"f279ca5\" data-element_type=\"widget\" data-e-type=\"widget\" data-widget_type=\"heading.default\">\n\t\t\t\t<div class=\"elementor-widget-container\">\n\t\t\t\t\t<h3 class=\"elementor-heading-title elementor-size-default\">Gap between theory and practice<\/h3>\t\t\t\t<\/div>\n\t\t\t\t<\/div>\n\t\t\t\t\t<\/div>\n\t\t\t\t<\/div>\n\t\t<div class=\"elementor-element elementor-element-1857c6b e-flex e-con-boxed e-con e-parent\" data-id=\"1857c6b\" data-element_type=\"container\" data-e-type=\"container\">\n\t\t\t\t\t<div class=\"e-con-inner\">\n\t\t\t\t<div class=\"elementor-element elementor-element-e107b83 elementor-widget elementor-widget-text-editor\" data-id=\"e107b83\" data-element_type=\"widget\" data-e-type=\"widget\" data-widget_type=\"text-editor.default\">\n\t\t\t\t<div class=\"elementor-widget-container\">\n\t\t\t\t\t\t\t\t\t<p>\u201eWir sind erneut als TOP-Ausbildungsbetrieb der IHK geehrt worden. Allerdings ist es nicht immer einfach, einen hohen Standard in der Berufsausbildung zu halten. Denn momentan macht uns gerade die mangelnde Versorgung von Lehrkr\u00e4ften an den Berufsschulen gro\u00dfe Sorgen. Einige F\u00e4cher \u2013 bei Industriekaufleuten zum Beispiel Deutsch \u2013 sind nicht besetzt.\u201c Die Unternehmerin dr\u00e4ngt darauf, an den Schulen und in der Politik auf Ver\u00e4nderungen hinzuwirken. \u201eSo lange nichts passiert, m\u00fcssen wir fehlende Inhalte selbst abbilden. Schlie\u00dflich sollen unsere Azubis ihre Pr\u00fcfung schaffen.\u201c<\/p>\n\t\t\t\t\t\t\t\t<\/div>\n\t\t\t\t<\/div>\n\t\t\t\t\t<\/div>\n\t\t\t\t<\/div>\n\t\t<div class=\"elementor-element elementor-element-4f57645 e-flex e-con-boxed e-con e-parent\" data-id=\"4f57645\" data-element_type=\"container\" data-e-type=\"container\">\n\t\t\t\t\t<div class=\"e-con-inner\">\n\t\t\t\t<div class=\"elementor-element elementor-element-c8531c4 elementor-widget elementor-widget-heading\" data-id=\"c8531c4\" data-element_type=\"widget\" data-e-type=\"widget\" data-widget_type=\"heading.default\">\n\t\t\t\t<div class=\"elementor-widget-container\">\n\t\t\t\t\t<h3 class=\"elementor-heading-title elementor-size-default\">Everyone starts at the bottom of the ladder <\/h3>\t\t\t\t<\/div>\n\t\t\t\t<\/div>\n\t\t\t\t\t<\/div>\n\t\t\t\t<\/div>\n\t\t<div class=\"elementor-element elementor-element-03fccf5 e-flex e-con-boxed e-con e-parent\" data-id=\"03fccf5\" data-element_type=\"container\" data-e-type=\"container\">\n\t\t\t\t\t<div class=\"e-con-inner\">\n\t\t\t\t<div class=\"elementor-element elementor-element-9fac129 elementor-widget elementor-widget-text-editor\" data-id=\"9fac129\" data-element_type=\"widget\" data-e-type=\"widget\" data-widget_type=\"text-editor.default\">\n\t\t\t\t<div class=\"elementor-widget-container\">\n\t\t\t\t\t\t\t\t\t<p>Von wegen! \u201eDieser Satz ist bestimmt noch in einigen K\u00f6pfen verankert. Das finde ich wirklich schlimm! Wir d\u00fcrfen bei all unseren Bem\u00fchungen nicht vergessen, dass wir junge Menschen f\u00fcr die Zukunft unserer Unternehmen ausbilden. Deshalb muss das Lernen gut und spannend gestaltet sein, Spa\u00df machen, fordern und das Miteinander st\u00e4rken. Sonja Schindler selbst hat nach dem Abitur eine klassische Bankausbildung absolviert. \u201eDamals war es oft so, dass man hin- und hergeschoben wurde zum Aushelfen in unterbesetzten Abteilungen\u201c, erinnert sie sich. Nebenberuflich studierte die junge Frau \u2013 abends und am Wochenende \u2013 an der Bank-Akademie. \u201eSo eine extreme Anstrengung w\u00fcrde heute wohl keiner mehr auf sich nehmen\u201c, sagt die Betriebswirtin. \u201eIch bin froh \u00fcber meine duale Ausbildung. Das war eine gute Kombination zwischen praktischen und theoretischen Anteilen. Sie versetzte mich in die Lage, in jeder Abteilung einer Bank durchzustarten. Ich konnte f\u00fcr mich feststellen, was mir am meisten liegt. Das w\u00e4re nur mit der Theorie des Studiums nicht m\u00f6glich gewesen.\u201c<\/p>\n\t\t\t\t\t\t\t\t<\/div>\n\t\t\t\t<\/div>\n\t\t\t\t\t<\/div>\n\t\t\t\t<\/div>\n\t\t<div class=\"elementor-element elementor-element-738572e e-flex e-con-boxed e-con e-parent\" data-id=\"738572e\" data-element_type=\"container\" data-e-type=\"container\">\n\t\t\t\t\t<div class=\"e-con-inner\">\n\t\t\t\t<div class=\"elementor-element elementor-element-6e07947 elementor-widget elementor-widget-image\" data-id=\"6e07947\" data-element_type=\"widget\" data-e-type=\"widget\" data-widget_type=\"image.default\">\n\t\t\t\t<div class=\"elementor-widget-container\">\n\t\t\t\t\t\t\t\t\t\t\t\t<figure class=\"wp-caption\">\n\t\t\t\t\t\t\t\t\t\t<img decoding=\"async\" width=\"1024\" height=\"683\" src=\"https:\/\/wirtschaftsstandort-westmecklenburg.de\/wp-content\/uploads\/2024\/08\/Baer_Puder-1024x683.jpg\" class=\"attachment-large size-large wp-image-4682\" alt=\"Der Fruchtgummimarkt blickt positiv in die Zukunft. Neue \nzuckerfreie oder vegane Produkte oder solche mit Vitaminen und \nProteinen sind bereits Bestandteil des Portfolios bei SweetTec.\" srcset=\"https:\/\/wirtschaftsstandort-westmecklenburg.de\/wp-content\/uploads\/2024\/08\/Baer_Puder-1024x683.jpg 1024w, https:\/\/wirtschaftsstandort-westmecklenburg.de\/wp-content\/uploads\/2024\/08\/Baer_Puder-300x200.jpg 300w, https:\/\/wirtschaftsstandort-westmecklenburg.de\/wp-content\/uploads\/2024\/08\/Baer_Puder-768x512.jpg 768w, https:\/\/wirtschaftsstandort-westmecklenburg.de\/wp-content\/uploads\/2024\/08\/Baer_Puder-1536x1024.jpg 1536w, https:\/\/wirtschaftsstandort-westmecklenburg.de\/wp-content\/uploads\/2024\/08\/Baer_Puder-2048x1366.jpg 2048w, https:\/\/wirtschaftsstandort-westmecklenburg.de\/wp-content\/uploads\/2024\/08\/Baer_Puder-930x620.jpg 930w\" sizes=\"(max-width: 1024px) 100vw, 1024px\" \/>\t\t\t\t\t\t\t\t\t\t\t<figcaption class=\"widget-image-caption wp-caption-text\">The fruit gum market is looking positively to the future. New sugar-free or vegan products or those with vitamins and proteins are already part of SweetTec's portfolio. <\/figcaption>\n\t\t\t\t\t\t\t\t\t\t<\/figure>\n\t\t\t\t\t\t\t\t\t<\/div>\n\t\t\t\t<\/div>\n\t\t\t\t\t<\/div>\n\t\t\t\t<\/div>\n\t\t<div class=\"elementor-element elementor-element-e307b02 e-flex e-con-boxed e-con e-parent\" data-id=\"e307b02\" data-element_type=\"container\" data-e-type=\"container\">\n\t\t\t\t\t<div class=\"e-con-inner\">\n\t\t\t\t<div class=\"elementor-element elementor-element-74d901d elementor-widget elementor-widget-heading\" data-id=\"74d901d\" data-element_type=\"widget\" data-e-type=\"widget\" data-widget_type=\"heading.default\">\n\t\t\t\t<div class=\"elementor-widget-container\">\n\t\t\t\t\t<h3 class=\"elementor-heading-title elementor-size-default\">Make them want to learn more<\/h3>\t\t\t\t<\/div>\n\t\t\t\t<\/div>\n\t\t\t\t\t<\/div>\n\t\t\t\t<\/div>\n\t\t<div class=\"elementor-element elementor-element-e211621 e-flex e-con-boxed e-con e-parent\" data-id=\"e211621\" data-element_type=\"container\" data-e-type=\"container\">\n\t\t\t\t\t<div class=\"e-con-inner\">\n\t\t\t\t<div class=\"elementor-element elementor-element-901d939 elementor-widget elementor-widget-text-editor\" data-id=\"901d939\" data-element_type=\"widget\" data-e-type=\"widget\" data-widget_type=\"text-editor.default\">\n\t\t\t\t<div class=\"elementor-widget-container\">\n\t\t\t\t\t\t\t\t\t<p>Aus dieser Erfahrung hat Sonja Schindler gelernt. \u201eF\u00fcr unsere kaufm\u00e4nnischen Azubis gibt es in jeder Abteilung Ausbildungsbeauftragte. Der Arbeitstag beinhaltet spannende Aufgaben. Klar geh\u00f6rt auch mal die Ablage dazu. Wichtiger sind motivierende Momente. Wir achten darauf, dass wir viele Lehrinhalte vermitteln und lassen die jungen Leute alle drei Monate die Abteilungen wechseln.\u201c Nach der Ausbildung warten Fortbildungsm\u00f6glichkeiten wie die Meisterausbildung im produzierenden Bereich, die Fachausbildung oder alternativ die Entwicklung zur F\u00fchrungskraft. Junge Kaufleute k\u00f6nnen nebenberuflich ihren Bachelor\/Master oder R\u00fcstzeug f\u00fcr gr\u00f6\u00dfere Verantwortung als F\u00fchrungskraft erwerben. Berufliches Vorankommen und Karriere spielen in einer Region, in der es um jeden einzelnen geht, eben auch eine Rolle.\u00a0<\/p>\n<p>\u201eWir brauchen Fachkr\u00e4fte, die Lust haben, mit uns diesen Weg zu gehen, um neue M\u00e4rkte zu erobern.\u201c Die Boizenburger sind dabei innovativ und kreativ unterwegs. Der Fruchtgummimarkt weist eine positive Wachstumsprognose auf. \u201eNeue zuckerfreie oder vegane Produkte oder solche mit Vitaminen und Proteinen bereichern unser Portfolio bereits. K\u00fcrzlich haben wir einen Versuch gestartet und ein Kaubonbon mit Kollagen angereichert. Das ist gut f\u00fcr Haut, Haare und N\u00e4gel und kam insbesondere bei den Frauen gut an.\u201c<\/p>\n\t\t\t\t\t\t\t\t<\/div>\n\t\t\t\t<\/div>\n\t\t\t\t\t<\/div>\n\t\t\t\t<\/div>\n\t\t<div class=\"elementor-element elementor-element-07b50eb e-flex e-con-boxed e-con e-parent\" data-id=\"07b50eb\" data-element_type=\"container\" data-e-type=\"container\">\n\t\t\t\t\t<div class=\"e-con-inner\">\n\t\t\t\t<div class=\"elementor-element elementor-element-8c7cdc9 elementor-widget elementor-widget-heading\" data-id=\"8c7cdc9\" data-element_type=\"widget\" data-e-type=\"widget\" data-widget_type=\"heading.default\">\n\t\t\t\t<div class=\"elementor-widget-container\">\n\t\t\t\t\t<h3 class=\"elementor-heading-title elementor-size-default\">Exciting projects and benefits<\/h3>\t\t\t\t<\/div>\n\t\t\t\t<\/div>\n\t\t\t\t\t<\/div>\n\t\t\t\t<\/div>\n\t\t<div class=\"elementor-element elementor-element-fba9add e-flex e-con-boxed e-con e-parent\" data-id=\"fba9add\" data-element_type=\"container\" data-e-type=\"container\">\n\t\t\t\t\t<div class=\"e-con-inner\">\n\t\t\t\t<div class=\"elementor-element elementor-element-be00143 elementor-widget elementor-widget-text-editor\" data-id=\"be00143\" data-element_type=\"widget\" data-e-type=\"widget\" data-widget_type=\"text-editor.default\">\n\t\t\t\t<div class=\"elementor-widget-container\">\n\t\t\t\t\t\t\t\t\t<p>Sonja Schindler and her team are always finding new ways of being convincing. \u201cAs part of a project, our trainees are given responsibility for the factory shop or for the social media channels\u201d. This enhances mutual trust and confidence.   <\/p>\n<p>The family-run confectionery manufacturer also finds other ways to express appreciation. Employees can use the company\u2019s sports facilities covering 800 square metres almost on a 24\/7 basis and arrange to meet colleagues to do some weight training together. Electric scooters are provided for travelling between the three sites so that even those younger than 18 can get from A to B. The company also provides accommodation for three trainees in a flat share to compensate for the lack of mobility services in this rural region. \u201cWe\u2019ve rented a flat for this purpose and furnished it with modern furniture. It\u2019s near enough for them to cycle to work.\u201d     <\/p>\n<p>A polo shirt with a motif printed on it, health days with massages and nutrition advice that comes with recipes and the necessary ingredients as well &#8211; \u201cI like surprising the employees with things they don\u2019t expect\u201d, says Sonja Schindler. These include a summer party in Hamburg Beach Club, or the company app that networks everyone on their phones, including a private sales platform and info channel. <\/p>\n<p>People seem to like the mixture, as reflected in the employer rating site kununu: \u201cSweetTec is a modern employer with a vision. There\u2019s a pleasant, really friendly atmosphere in the teams.\u201d Five stars, in other words, an outstanding rating that honours all the efforts made to enhance employee loyalty.  <\/p>\n<p>In Schwerin CCI district, 1,261 contracts were concluded with trainees in 93 different vocations for the 2023 training year. These also included 120 training contracts with foreign youngsters from 31 different countries. \u201cTraining makes more of us\u201d is the CCI\u2019s nationwide campaign that addresses young people and encourages them to turn life hacks into a job and become \u201creally good at something\u201d. \u201cJetzt#K\u00f6nnenlernen\u201c (learn to do it now) is the striking appeal to future job starters, in an effort to close the baby boomer gaps.    <\/p>\n\t\t\t\t\t\t\t\t<\/div>\n\t\t\t\t<\/div>\n\t\t\t\t\t<\/div>\n\t\t\t\t<\/div>\n\t\t<div class=\"elementor-element elementor-element-178f71d e-flex e-con-boxed e-con e-parent\" data-id=\"178f71d\" data-element_type=\"container\" data-e-type=\"container\">\n\t\t\t\t\t<div class=\"e-con-inner\">\n\t\t\t\t<div class=\"elementor-element elementor-element-031aaab elementor-widget elementor-widget-image\" data-id=\"031aaab\" data-element_type=\"widget\" data-e-type=\"widget\" data-widget_type=\"image.default\">\n\t\t\t\t<div class=\"elementor-widget-container\">\n\t\t\t\t\t\t\t\t\t\t\t\t<figure class=\"wp-caption\">\n\t\t\t\t\t\t\t\t\t\t<img decoding=\"async\" width=\"1024\" height=\"683\" src=\"https:\/\/wirtschaftsstandort-westmecklenburg.de\/wp-content\/uploads\/2024\/08\/web_ST_Mitarbeiter_neu-1024x683.jpg\" class=\"attachment-large size-large wp-image-4684\" alt=\"Mitarbeiter, die sich im Unternehmen \nund mit ihrer Aufgabe wohlf\u00fchlen, \nsind die wichtigsten Zukunftsinvestition bei SweetTec in Boizenburg\" srcset=\"https:\/\/wirtschaftsstandort-westmecklenburg.de\/wp-content\/uploads\/2024\/08\/web_ST_Mitarbeiter_neu-1024x683.jpg 1024w, https:\/\/wirtschaftsstandort-westmecklenburg.de\/wp-content\/uploads\/2024\/08\/web_ST_Mitarbeiter_neu-300x200.jpg 300w, https:\/\/wirtschaftsstandort-westmecklenburg.de\/wp-content\/uploads\/2024\/08\/web_ST_Mitarbeiter_neu-768x512.jpg 768w, https:\/\/wirtschaftsstandort-westmecklenburg.de\/wp-content\/uploads\/2024\/08\/web_ST_Mitarbeiter_neu-1536x1024.jpg 1536w, https:\/\/wirtschaftsstandort-westmecklenburg.de\/wp-content\/uploads\/2024\/08\/web_ST_Mitarbeiter_neu-2048x1365.jpg 2048w, https:\/\/wirtschaftsstandort-westmecklenburg.de\/wp-content\/uploads\/2024\/08\/web_ST_Mitarbeiter_neu-930x620.jpg 930w\" sizes=\"(max-width: 1024px) 100vw, 1024px\" \/>\t\t\t\t\t\t\t\t\t\t\t<figcaption class=\"widget-image-caption wp-caption-text\">Employees who feel comfortable in the company and with their job are the most important investment in the future at SweetTec in Boizenburg<\/figcaption>\n\t\t\t\t\t\t\t\t\t\t<\/figure>\n\t\t\t\t\t\t\t\t\t<\/div>\n\t\t\t\t<\/div>\n\t\t\t\t\t<\/div>\n\t\t\t\t<\/div>\n\t\t<div class=\"elementor-element elementor-element-41e689a e-flex e-con-boxed e-con e-parent\" data-id=\"41e689a\" data-element_type=\"container\" data-e-type=\"container\">\n\t\t\t\t\t<div class=\"e-con-inner\">\n\t\t\t\t<div class=\"elementor-element elementor-element-64a17ea elementor-widget elementor-widget-heading\" data-id=\"64a17ea\" data-element_type=\"widget\" data-e-type=\"widget\" data-widget_type=\"heading.default\">\n\t\t\t\t<div class=\"elementor-widget-container\">\n\t\t\t\t\t<h3 class=\"elementor-heading-title elementor-size-default\">Food Academy \u2013 mastering challenges together<\/h3>\t\t\t\t<\/div>\n\t\t\t\t<\/div>\n\t\t\t\t\t<\/div>\n\t\t\t\t<\/div>\n\t\t<div class=\"elementor-element elementor-element-9afae3c e-flex e-con-boxed e-con e-parent\" data-id=\"9afae3c\" data-element_type=\"container\" data-e-type=\"container\">\n\t\t\t\t\t<div class=\"e-con-inner\">\n\t\t\t\t<div class=\"elementor-element elementor-element-8d2bdab elementor-widget elementor-widget-text-editor\" data-id=\"8d2bdab\" data-element_type=\"widget\" data-e-type=\"widget\" data-widget_type=\"text-editor.default\">\n\t\t\t\t<div class=\"elementor-widget-container\">\n\t\t\t\t\t\t\t\t\t<p>Food manufacturers came together at an early point in time in the struggle for workers and skilled specialists, with the joint intention of instigating changes. \u201cSome people laughed at us back then when we drew attention to the emerging situation on the labour market\u201d, recalls Sonja Schindler. In November 2014, seven companies from Western Mecklenburg joined forces with the Wirtschaftsf\u00f6rderungsgesellschaft S\u00fcdwestmecklenburg GmbH to set up the Food Academy. Since then, the association has focused on the high demand for skilled specialists and young talents in Mecklenburg-Western Pomerania\u2019s food industry.<\/p><p>Meanwhile 21 companies with more than 3,500 employees are involved in the association. The Boizenburg confectionery manufacturer has played an active role right from the start, providing further training opportunities to enhance the appeal of the food industry. \u201cFurther training for executives is about procuring good instructors and offering possibilities for sharing.\u201d For example, about the association\u2019s own training scheme for digitalisation managers to bring more digitalisation into the companies, overcoming resistance and encouraging everyone to get involved. It\u2019s exciting to see how interested trainees are in digitalisation. After all, they are growing up in the digital age.<\/p>\t\t\t\t\t\t\t\t<\/div>\n\t\t\t\t<\/div>\n\t\t\t\t\t<\/div>\n\t\t\t\t<\/div>\n\t\t<div class=\"elementor-element elementor-element-e5ec851 e-flex e-con-boxed e-con e-parent\" data-id=\"e5ec851\" data-element_type=\"container\" data-e-type=\"container\">\n\t\t\t\t\t<div class=\"e-con-inner\">\n\t\t\t\t<div class=\"elementor-element elementor-element-f01237f elementor-share-buttons--view-icon elementor-share-buttons--skin-minimal elementor-share-buttons--shape-circle elementor-grid-0 elementor-share-buttons--color-official elementor-widget elementor-widget-share-buttons\" data-id=\"f01237f\" data-element_type=\"widget\" data-e-type=\"widget\" data-widget_type=\"share-buttons.default\">\n\t\t\t\t<div class=\"elementor-widget-container\">\n\t\t\t\t\t\t\t<div class=\"elementor-grid\" role=\"list\">\n\t\t\t\t\t\t\t\t<div class=\"elementor-grid-item\" role=\"listitem\">\n\t\t\t\t\t\t<div class=\"elementor-share-btn elementor-share-btn_facebook\" role=\"button\" tabindex=\"0\" aria-label=\"Share on facebook\">\n\t\t\t\t\t\t\t\t\t\t\t\t\t\t\t<span class=\"elementor-share-btn__icon\">\n\t\t\t\t\t\t\t\t<i class=\"fab fa-facebook\" aria-hidden=\"true\"><\/i>\t\t\t\t\t\t\t<\/span>\n\t\t\t\t\t\t\t\t\t\t\t\t\t\t\t\t\t\t\t\t<\/div>\n\t\t\t\t\t<\/div>\n\t\t\t\t\t\t\t\t\t<div class=\"elementor-grid-item\" role=\"listitem\">\n\t\t\t\t\t\t<div class=\"elementor-share-btn elementor-share-btn_linkedin\" role=\"button\" tabindex=\"0\" aria-label=\"Share on linkedin\">\n\t\t\t\t\t\t\t\t\t\t\t\t\t\t\t<span class=\"elementor-share-btn__icon\">\n\t\t\t\t\t\t\t\t<i class=\"fab fa-linkedin\" aria-hidden=\"true\"><\/i>\t\t\t\t\t\t\t<\/span>\n\t\t\t\t\t\t\t\t\t\t\t\t\t\t\t\t\t\t\t\t<\/div>\n\t\t\t\t\t<\/div>\n\t\t\t\t\t\t\t\t\t<div class=\"elementor-grid-item\" role=\"listitem\">\n\t\t\t\t\t\t<div class=\"elementor-share-btn elementor-share-btn_whatsapp\" role=\"button\" tabindex=\"0\" aria-label=\"Share on whatsapp\">\n\t\t\t\t\t\t\t\t\t\t\t\t\t\t\t<span class=\"elementor-share-btn__icon\">\n\t\t\t\t\t\t\t\t<i class=\"fab fa-whatsapp\" aria-hidden=\"true\"><\/i>\t\t\t\t\t\t\t<\/span>\n\t\t\t\t\t\t\t\t\t\t\t\t\t\t\t\t\t\t\t\t<\/div>\n\t\t\t\t\t<\/div>\n\t\t\t\t\t\t\t\t\t<div class=\"elementor-grid-item\" role=\"listitem\">\n\t\t\t\t\t\t<div class=\"elementor-share-btn elementor-share-btn_email\" role=\"button\" tabindex=\"0\" aria-label=\"Share on email\">\n\t\t\t\t\t\t\t\t\t\t\t\t\t\t\t<span class=\"elementor-share-btn__icon\">\n\t\t\t\t\t\t\t\t<i class=\"fas fa-envelope\" aria-hidden=\"true\"><\/i>\t\t\t\t\t\t\t<\/span>\n\t\t\t\t\t\t\t\t\t\t\t\t\t\t\t\t\t\t\t\t<\/div>\n\t\t\t\t\t<\/div>\n\t\t\t\t\t\t\t\t\t<div class=\"elementor-grid-item\" role=\"listitem\">\n\t\t\t\t\t\t<div class=\"elementor-share-btn elementor-share-btn_print\" role=\"button\" tabindex=\"0\" aria-label=\"Share on print\">\n\t\t\t\t\t\t\t\t\t\t\t\t\t\t\t<span class=\"elementor-share-btn__icon\">\n\t\t\t\t\t\t\t\t<i class=\"fas fa-print\" aria-hidden=\"true\"><\/i>\t\t\t\t\t\t\t<\/span>\n\t\t\t\t\t\t\t\t\t\t\t\t\t\t\t\t\t\t\t\t<\/div>\n\t\t\t\t\t<\/div>\n\t\t\t\t\t\t<\/div>\n\t\t\t\t\t\t<\/div>\n\t\t\t\t<\/div>\n\t\t\t\t\t<\/div>\n\t\t\t\t<\/div>\n\t\t\t\t<\/div>\n\t\t","protected":false},"excerpt":{"rendered":"<p>&#8220;We have to approach young people.&#8221;<\/p>\n","protected":false},"author":128,"featured_media":4674,"comment_status":"closed","ping_status":"closed","sticky":false,"template":"","format":"standard","meta":{"_acf_changed":false,"neve_meta_sidebar":"","neve_meta_container":"","neve_meta_enable_content_width":"","neve_meta_content_width":0,"neve_meta_title_alignment":"","neve_meta_author_avatar":"","neve_post_elements_order":"","neve_meta_disable_header":"","neve_meta_disable_footer":"","neve_meta_disable_title":"","neve_meta_reading_time":"","_themeisle_gutenberg_block_has_review":false,"footnotes":""},"categories":[],"tags":[147,144,146],"class_list":["post-4670","post","type-post","status-publish","format-standard","has-post-thumbnail","hentry","tag-boizenburg-en","tag-protagonists-of-the-region-en","tag-sweets"],"acf":[],"yoast_head":"<!-- This site is optimized with the Yoast SEO plugin v27.4 - https:\/\/yoast.com\/product\/yoast-seo-wordpress\/ -->\n<title>Making life sweeter for job starters - Wirtschaftsstandort Westmecklenburg<\/title>\n<meta name=\"description\" content=\"Learn more about the job at the &quot;Candy Factory&quot;. Interview with Sonja Schindler. Business Location West Mecklenburg.\" \/>\n<meta name=\"robots\" content=\"index, follow, max-snippet:-1, max-image-preview:large, max-video-preview:-1\" \/>\n<link rel=\"canonical\" href=\"https:\/\/wirtschaftsstandort-westmecklenburg.de\/en\/unkategorisiert\/schindler\/\" \/>\n<meta property=\"og:locale\" content=\"en_US\" \/>\n<meta property=\"og:type\" content=\"article\" \/>\n<meta property=\"og:title\" content=\"Making life sweeter for job starters - Wirtschaftsstandort Westmecklenburg\" \/>\n<meta property=\"og:description\" content=\"Learn more about the job at the &quot;Candy Factory&quot;. Interview with Sonja Schindler. Business Location West Mecklenburg.\" \/>\n<meta property=\"og:url\" content=\"https:\/\/wirtschaftsstandort-westmecklenburg.de\/en\/unkategorisiert\/schindler\/\" \/>\n<meta property=\"og:site_name\" content=\"Wirtschaftsstandort Westmecklenburg\" \/>\n<meta property=\"article:published_time\" content=\"2024-08-06T11:41:11+00:00\" \/>\n<meta property=\"article:modified_time\" content=\"2024-09-20T06:39:58+00:00\" \/>\n<meta property=\"og:image\" content=\"https:\/\/wirtschaftsstandort-westmecklenburg.de\/wp-content\/uploads\/2024\/08\/web_A-Sonja-Schindler-scaled.jpg\" \/>\n\t<meta property=\"og:image:width\" content=\"2560\" \/>\n\t<meta property=\"og:image:height\" content=\"1707\" \/>\n\t<meta property=\"og:image:type\" content=\"image\/jpeg\" \/>\n<meta name=\"author\" content=\"Barbara Arndt\" \/>\n<meta name=\"twitter:card\" content=\"summary_large_image\" \/>\n<meta name=\"twitter:label1\" content=\"Written by\" \/>\n\t<meta name=\"twitter:data1\" content=\"Barbara Arndt\" \/>\n\t<meta name=\"twitter:label2\" content=\"Est. reading time\" \/>\n\t<meta name=\"twitter:data2\" content=\"11 minutes\" \/>\n<script type=\"application\/ld+json\" class=\"yoast-schema-graph\">{\"@context\":\"https:\\\/\\\/schema.org\",\"@graph\":[{\"@type\":\"Article\",\"@id\":\"https:\\\/\\\/wirtschaftsstandort-westmecklenburg.de\\\/en\\\/unkategorisiert\\\/schindler\\\/#article\",\"isPartOf\":{\"@id\":\"https:\\\/\\\/wirtschaftsstandort-westmecklenburg.de\\\/en\\\/unkategorisiert\\\/schindler\\\/\"},\"author\":{\"name\":\"Barbara Arndt\",\"@id\":\"https:\\\/\\\/wirtschaftsstandort-westmecklenburg.de\\\/en\\\/#\\\/schema\\\/person\\\/b0653ae37d613cd9ebb9b67d88c81d35\"},\"headline\":\"Making life sweeter for job starters\",\"datePublished\":\"2024-08-06T11:41:11+00:00\",\"dateModified\":\"2024-09-20T06:39:58+00:00\",\"mainEntityOfPage\":{\"@id\":\"https:\\\/\\\/wirtschaftsstandort-westmecklenburg.de\\\/en\\\/unkategorisiert\\\/schindler\\\/\"},\"wordCount\":1754,\"publisher\":{\"@id\":\"https:\\\/\\\/wirtschaftsstandort-westmecklenburg.de\\\/en\\\/#organization\"},\"image\":{\"@id\":\"https:\\\/\\\/wirtschaftsstandort-westmecklenburg.de\\\/en\\\/unkategorisiert\\\/schindler\\\/#primaryimage\"},\"thumbnailUrl\":\"https:\\\/\\\/wirtschaftsstandort-westmecklenburg.de\\\/wp-content\\\/uploads\\\/2024\\\/08\\\/web_A-Sonja-Schindler-scaled.jpg\",\"keywords\":[\"Boizenburg\",\"Protagonists of the region\",\"Sweets\"],\"inLanguage\":\"en-US\"},{\"@type\":\"WebPage\",\"@id\":\"https:\\\/\\\/wirtschaftsstandort-westmecklenburg.de\\\/en\\\/unkategorisiert\\\/schindler\\\/\",\"url\":\"https:\\\/\\\/wirtschaftsstandort-westmecklenburg.de\\\/en\\\/unkategorisiert\\\/schindler\\\/\",\"name\":\"Making life sweeter for job starters - Wirtschaftsstandort Westmecklenburg\",\"isPartOf\":{\"@id\":\"https:\\\/\\\/wirtschaftsstandort-westmecklenburg.de\\\/en\\\/#website\"},\"primaryImageOfPage\":{\"@id\":\"https:\\\/\\\/wirtschaftsstandort-westmecklenburg.de\\\/en\\\/unkategorisiert\\\/schindler\\\/#primaryimage\"},\"image\":{\"@id\":\"https:\\\/\\\/wirtschaftsstandort-westmecklenburg.de\\\/en\\\/unkategorisiert\\\/schindler\\\/#primaryimage\"},\"thumbnailUrl\":\"https:\\\/\\\/wirtschaftsstandort-westmecklenburg.de\\\/wp-content\\\/uploads\\\/2024\\\/08\\\/web_A-Sonja-Schindler-scaled.jpg\",\"datePublished\":\"2024-08-06T11:41:11+00:00\",\"dateModified\":\"2024-09-20T06:39:58+00:00\",\"description\":\"Learn more about the job at the \\\"Candy Factory\\\". Interview with Sonja Schindler. Business Location West Mecklenburg.\",\"breadcrumb\":{\"@id\":\"https:\\\/\\\/wirtschaftsstandort-westmecklenburg.de\\\/en\\\/unkategorisiert\\\/schindler\\\/#breadcrumb\"},\"inLanguage\":\"en-US\",\"potentialAction\":[{\"@type\":\"ReadAction\",\"target\":[\"https:\\\/\\\/wirtschaftsstandort-westmecklenburg.de\\\/en\\\/unkategorisiert\\\/schindler\\\/\"]}]},{\"@type\":\"ImageObject\",\"inLanguage\":\"en-US\",\"@id\":\"https:\\\/\\\/wirtschaftsstandort-westmecklenburg.de\\\/en\\\/unkategorisiert\\\/schindler\\\/#primaryimage\",\"url\":\"https:\\\/\\\/wirtschaftsstandort-westmecklenburg.de\\\/wp-content\\\/uploads\\\/2024\\\/08\\\/web_A-Sonja-Schindler-scaled.jpg\",\"contentUrl\":\"https:\\\/\\\/wirtschaftsstandort-westmecklenburg.de\\\/wp-content\\\/uploads\\\/2024\\\/08\\\/web_A-Sonja-Schindler-scaled.jpg\",\"width\":2560,\"height\":1707,\"caption\":\"Sonja Schindler\"},{\"@type\":\"BreadcrumbList\",\"@id\":\"https:\\\/\\\/wirtschaftsstandort-westmecklenburg.de\\\/en\\\/unkategorisiert\\\/schindler\\\/#breadcrumb\",\"itemListElement\":[{\"@type\":\"ListItem\",\"position\":1,\"name\":\"Startseite\",\"item\":\"https:\\\/\\\/wirtschaftsstandort-westmecklenburg.de\\\/en\\\/\"},{\"@type\":\"ListItem\",\"position\":2,\"name\":\"Making life sweeter for job starters\"}]},{\"@type\":\"WebSite\",\"@id\":\"https:\\\/\\\/wirtschaftsstandort-westmecklenburg.de\\\/en\\\/#website\",\"url\":\"https:\\\/\\\/wirtschaftsstandort-westmecklenburg.de\\\/en\\\/\",\"name\":\"Wirtschaftsstandort Westmecklenburg\",\"description\":\"\",\"publisher\":{\"@id\":\"https:\\\/\\\/wirtschaftsstandort-westmecklenburg.de\\\/en\\\/#organization\"},\"potentialAction\":[{\"@type\":\"SearchAction\",\"target\":{\"@type\":\"EntryPoint\",\"urlTemplate\":\"https:\\\/\\\/wirtschaftsstandort-westmecklenburg.de\\\/en\\\/?s={search_term_string}\"},\"query-input\":{\"@type\":\"PropertyValueSpecification\",\"valueRequired\":true,\"valueName\":\"search_term_string\"}}],\"inLanguage\":\"en-US\"},{\"@type\":\"Organization\",\"@id\":\"https:\\\/\\\/wirtschaftsstandort-westmecklenburg.de\\\/en\\\/#organization\",\"name\":\"Wirtschaftsstandort Westmecklenburg\",\"url\":\"https:\\\/\\\/wirtschaftsstandort-westmecklenburg.de\\\/en\\\/\",\"logo\":{\"@type\":\"ImageObject\",\"inLanguage\":\"en-US\",\"@id\":\"https:\\\/\\\/wirtschaftsstandort-westmecklenburg.de\\\/en\\\/#\\\/schema\\\/logo\\\/image\\\/\",\"url\":\"https:\\\/\\\/wirtschaftsstandort-westmecklenburg.de\\\/wp-content\\\/uploads\\\/2023\\\/10\\\/Wirtschaftsstandort-Hannover-2.png\",\"contentUrl\":\"https:\\\/\\\/wirtschaftsstandort-westmecklenburg.de\\\/wp-content\\\/uploads\\\/2023\\\/10\\\/Wirtschaftsstandort-Hannover-2.png\",\"width\":750,\"height\":250,\"caption\":\"Wirtschaftsstandort Westmecklenburg\"},\"image\":{\"@id\":\"https:\\\/\\\/wirtschaftsstandort-westmecklenburg.de\\\/en\\\/#\\\/schema\\\/logo\\\/image\\\/\"}},{\"@type\":\"Person\",\"@id\":\"https:\\\/\\\/wirtschaftsstandort-westmecklenburg.de\\\/en\\\/#\\\/schema\\\/person\\\/b0653ae37d613cd9ebb9b67d88c81d35\",\"name\":\"Barbara Arndt\",\"image\":{\"@type\":\"ImageObject\",\"inLanguage\":\"en-US\",\"@id\":\"https:\\\/\\\/secure.gravatar.com\\\/avatar\\\/5b258685f8a8753265f3a496a4074b0843476964d251427f15e51498b53aff1c?s=96&d=mm&r=g\",\"url\":\"https:\\\/\\\/secure.gravatar.com\\\/avatar\\\/5b258685f8a8753265f3a496a4074b0843476964d251427f15e51498b53aff1c?s=96&d=mm&r=g\",\"contentUrl\":\"https:\\\/\\\/secure.gravatar.com\\\/avatar\\\/5b258685f8a8753265f3a496a4074b0843476964d251427f15e51498b53aff1c?s=96&d=mm&r=g\",\"caption\":\"Barbara Arndt\"},\"url\":\"https:\\\/\\\/wirtschaftsstandort-westmecklenburg.de\\\/en\\\/author\\\/barbara-arndt\\\/\"}]}<\/script>\n<!-- \/ Yoast SEO plugin. -->","yoast_head_json":{"title":"Making life sweeter for job starters - Wirtschaftsstandort Westmecklenburg","description":"Learn more about the job at the \"Candy Factory\". Interview with Sonja Schindler. Business Location West Mecklenburg.","robots":{"index":"index","follow":"follow","max-snippet":"max-snippet:-1","max-image-preview":"max-image-preview:large","max-video-preview":"max-video-preview:-1"},"canonical":"https:\/\/wirtschaftsstandort-westmecklenburg.de\/en\/unkategorisiert\/schindler\/","og_locale":"en_US","og_type":"article","og_title":"Making life sweeter for job starters - Wirtschaftsstandort Westmecklenburg","og_description":"Learn more about the job at the \"Candy Factory\". Interview with Sonja Schindler. Business Location West Mecklenburg.","og_url":"https:\/\/wirtschaftsstandort-westmecklenburg.de\/en\/unkategorisiert\/schindler\/","og_site_name":"Wirtschaftsstandort Westmecklenburg","article_published_time":"2024-08-06T11:41:11+00:00","article_modified_time":"2024-09-20T06:39:58+00:00","og_image":[{"width":2560,"height":1707,"url":"https:\/\/wirtschaftsstandort-westmecklenburg.de\/wp-content\/uploads\/2024\/08\/web_A-Sonja-Schindler-scaled.jpg","type":"image\/jpeg"}],"author":"Barbara Arndt","twitter_card":"summary_large_image","twitter_misc":{"Written by":"Barbara Arndt","Est. reading time":"11 minutes"},"schema":{"@context":"https:\/\/schema.org","@graph":[{"@type":"Article","@id":"https:\/\/wirtschaftsstandort-westmecklenburg.de\/en\/unkategorisiert\/schindler\/#article","isPartOf":{"@id":"https:\/\/wirtschaftsstandort-westmecklenburg.de\/en\/unkategorisiert\/schindler\/"},"author":{"name":"Barbara Arndt","@id":"https:\/\/wirtschaftsstandort-westmecklenburg.de\/en\/#\/schema\/person\/b0653ae37d613cd9ebb9b67d88c81d35"},"headline":"Making life sweeter for job starters","datePublished":"2024-08-06T11:41:11+00:00","dateModified":"2024-09-20T06:39:58+00:00","mainEntityOfPage":{"@id":"https:\/\/wirtschaftsstandort-westmecklenburg.de\/en\/unkategorisiert\/schindler\/"},"wordCount":1754,"publisher":{"@id":"https:\/\/wirtschaftsstandort-westmecklenburg.de\/en\/#organization"},"image":{"@id":"https:\/\/wirtschaftsstandort-westmecklenburg.de\/en\/unkategorisiert\/schindler\/#primaryimage"},"thumbnailUrl":"https:\/\/wirtschaftsstandort-westmecklenburg.de\/wp-content\/uploads\/2024\/08\/web_A-Sonja-Schindler-scaled.jpg","keywords":["Boizenburg","Protagonists of the region","Sweets"],"inLanguage":"en-US"},{"@type":"WebPage","@id":"https:\/\/wirtschaftsstandort-westmecklenburg.de\/en\/unkategorisiert\/schindler\/","url":"https:\/\/wirtschaftsstandort-westmecklenburg.de\/en\/unkategorisiert\/schindler\/","name":"Making life sweeter for job starters - Wirtschaftsstandort Westmecklenburg","isPartOf":{"@id":"https:\/\/wirtschaftsstandort-westmecklenburg.de\/en\/#website"},"primaryImageOfPage":{"@id":"https:\/\/wirtschaftsstandort-westmecklenburg.de\/en\/unkategorisiert\/schindler\/#primaryimage"},"image":{"@id":"https:\/\/wirtschaftsstandort-westmecklenburg.de\/en\/unkategorisiert\/schindler\/#primaryimage"},"thumbnailUrl":"https:\/\/wirtschaftsstandort-westmecklenburg.de\/wp-content\/uploads\/2024\/08\/web_A-Sonja-Schindler-scaled.jpg","datePublished":"2024-08-06T11:41:11+00:00","dateModified":"2024-09-20T06:39:58+00:00","description":"Learn more about the job at the \"Candy Factory\". Interview with Sonja Schindler. Business Location West Mecklenburg.","breadcrumb":{"@id":"https:\/\/wirtschaftsstandort-westmecklenburg.de\/en\/unkategorisiert\/schindler\/#breadcrumb"},"inLanguage":"en-US","potentialAction":[{"@type":"ReadAction","target":["https:\/\/wirtschaftsstandort-westmecklenburg.de\/en\/unkategorisiert\/schindler\/"]}]},{"@type":"ImageObject","inLanguage":"en-US","@id":"https:\/\/wirtschaftsstandort-westmecklenburg.de\/en\/unkategorisiert\/schindler\/#primaryimage","url":"https:\/\/wirtschaftsstandort-westmecklenburg.de\/wp-content\/uploads\/2024\/08\/web_A-Sonja-Schindler-scaled.jpg","contentUrl":"https:\/\/wirtschaftsstandort-westmecklenburg.de\/wp-content\/uploads\/2024\/08\/web_A-Sonja-Schindler-scaled.jpg","width":2560,"height":1707,"caption":"Sonja Schindler"},{"@type":"BreadcrumbList","@id":"https:\/\/wirtschaftsstandort-westmecklenburg.de\/en\/unkategorisiert\/schindler\/#breadcrumb","itemListElement":[{"@type":"ListItem","position":1,"name":"Startseite","item":"https:\/\/wirtschaftsstandort-westmecklenburg.de\/en\/"},{"@type":"ListItem","position":2,"name":"Making life sweeter for job starters"}]},{"@type":"WebSite","@id":"https:\/\/wirtschaftsstandort-westmecklenburg.de\/en\/#website","url":"https:\/\/wirtschaftsstandort-westmecklenburg.de\/en\/","name":"Wirtschaftsstandort Westmecklenburg","description":"","publisher":{"@id":"https:\/\/wirtschaftsstandort-westmecklenburg.de\/en\/#organization"},"potentialAction":[{"@type":"SearchAction","target":{"@type":"EntryPoint","urlTemplate":"https:\/\/wirtschaftsstandort-westmecklenburg.de\/en\/?s={search_term_string}"},"query-input":{"@type":"PropertyValueSpecification","valueRequired":true,"valueName":"search_term_string"}}],"inLanguage":"en-US"},{"@type":"Organization","@id":"https:\/\/wirtschaftsstandort-westmecklenburg.de\/en\/#organization","name":"Wirtschaftsstandort Westmecklenburg","url":"https:\/\/wirtschaftsstandort-westmecklenburg.de\/en\/","logo":{"@type":"ImageObject","inLanguage":"en-US","@id":"https:\/\/wirtschaftsstandort-westmecklenburg.de\/en\/#\/schema\/logo\/image\/","url":"https:\/\/wirtschaftsstandort-westmecklenburg.de\/wp-content\/uploads\/2023\/10\/Wirtschaftsstandort-Hannover-2.png","contentUrl":"https:\/\/wirtschaftsstandort-westmecklenburg.de\/wp-content\/uploads\/2023\/10\/Wirtschaftsstandort-Hannover-2.png","width":750,"height":250,"caption":"Wirtschaftsstandort Westmecklenburg"},"image":{"@id":"https:\/\/wirtschaftsstandort-westmecklenburg.de\/en\/#\/schema\/logo\/image\/"}},{"@type":"Person","@id":"https:\/\/wirtschaftsstandort-westmecklenburg.de\/en\/#\/schema\/person\/b0653ae37d613cd9ebb9b67d88c81d35","name":"Barbara Arndt","image":{"@type":"ImageObject","inLanguage":"en-US","@id":"https:\/\/secure.gravatar.com\/avatar\/5b258685f8a8753265f3a496a4074b0843476964d251427f15e51498b53aff1c?s=96&d=mm&r=g","url":"https:\/\/secure.gravatar.com\/avatar\/5b258685f8a8753265f3a496a4074b0843476964d251427f15e51498b53aff1c?s=96&d=mm&r=g","contentUrl":"https:\/\/secure.gravatar.com\/avatar\/5b258685f8a8753265f3a496a4074b0843476964d251427f15e51498b53aff1c?s=96&d=mm&r=g","caption":"Barbara Arndt"},"url":"https:\/\/wirtschaftsstandort-westmecklenburg.de\/en\/author\/barbara-arndt\/"}]}},"_links":{"self":[{"href":"https:\/\/wirtschaftsstandort-westmecklenburg.de\/en\/wp-json\/wp\/v2\/posts\/4670","targetHints":{"allow":["GET"]}}],"collection":[{"href":"https:\/\/wirtschaftsstandort-westmecklenburg.de\/en\/wp-json\/wp\/v2\/posts"}],"about":[{"href":"https:\/\/wirtschaftsstandort-westmecklenburg.de\/en\/wp-json\/wp\/v2\/types\/post"}],"author":[{"embeddable":true,"href":"https:\/\/wirtschaftsstandort-westmecklenburg.de\/en\/wp-json\/wp\/v2\/users\/128"}],"replies":[{"embeddable":true,"href":"https:\/\/wirtschaftsstandort-westmecklenburg.de\/en\/wp-json\/wp\/v2\/comments?post=4670"}],"version-history":[{"count":20,"href":"https:\/\/wirtschaftsstandort-westmecklenburg.de\/en\/wp-json\/wp\/v2\/posts\/4670\/revisions"}],"predecessor-version":[{"id":6202,"href":"https:\/\/wirtschaftsstandort-westmecklenburg.de\/en\/wp-json\/wp\/v2\/posts\/4670\/revisions\/6202"}],"wp:featuredmedia":[{"embeddable":true,"href":"https:\/\/wirtschaftsstandort-westmecklenburg.de\/en\/wp-json\/wp\/v2\/media\/4674"}],"wp:attachment":[{"href":"https:\/\/wirtschaftsstandort-westmecklenburg.de\/en\/wp-json\/wp\/v2\/media?parent=4670"}],"wp:term":[{"taxonomy":"category","embeddable":true,"href":"https:\/\/wirtschaftsstandort-westmecklenburg.de\/en\/wp-json\/wp\/v2\/categories?post=4670"},{"taxonomy":"post_tag","embeddable":true,"href":"https:\/\/wirtschaftsstandort-westmecklenburg.de\/en\/wp-json\/wp\/v2\/tags?post=4670"}],"curies":[{"name":"wp","href":"https:\/\/api.w.org\/{rel}","templated":true}]}}